{"id":1336,"date":"2018-11-17T15:37:12","date_gmt":"2018-11-17T14:37:12","guid":{"rendered":"https:\/\/losch-spandau.de\/galerie\/?p=1336"},"modified":"2018-11-17T17:28:04","modified_gmt":"2018-11-17T16:28:04","slug":"herbst-2","status":"publish","type":"post","link":"https:\/\/losch-spandau.de\/galerie\/2018\/11\/herbst-2\/","title":{"rendered":"Herbst"},"content":{"rendered":"<hr \/>\n<h2>Es ist Herbst.<\/h2>\n<p>Durch die Trockenheit ist das Wasser im S\u00fcdpark um \u00fcber einen halben Meter gefallen. Man kann fast zu den Inseln her\u00fcberlaufen. Das sah beim <a href=\"https:\/\/losch-spandau.de\/galerie\/2011\/01\/hochwasser\/\">Hochwasser<\/a> vor einigen Jahren (2011) ganz anders aus.<\/p>\n<p>Die Kinder der <a href=\"https:\/\/losch-spandau.de\/galerie\/2018\/05\/schwaene\/\">Schwan<\/a> &#8211; Familie vom Fr\u00fchling sind gro\u00df geworden und haben schon ein wei\u00dfes Gefieder.<\/p>\n<hr \/>\n<div id='gallery-1' class='gallery galleryid-1336 gallery-columns-1 gallery-size-large'><figure class='gallery-item'>\n\t\t\t<div class='gallery-icon portrait'>\n\t\t\t\t<a href='https:\/\/losch-spandau.de\/galerie\/wp-content\/uploads\/2018\/11\/IMG_5373_v1.jpg'><img loading=\"lazy\" decoding=\"async\" width=\"1000\" height=\"1500\" src=\"https:\/\/losch-spandau.de\/galerie\/wp-content\/uploads\/2018\/11\/IMG_5373_v1.jpg\" class=\"attachment-large size-large\" alt=\"Weg im S\u00fcdpark\" aria-describedby=\"gallery-1-1337\" srcset=\"https:\/\/losch-spandau.de\/galerie\/wp-content\/uploads\/2018\/11\/IMG_5373_v1.jpg 3498w, https:\/\/losch-spandau.de\/galerie\/wp-content\/uploads\/2018\/11\/IMG_5373_v1-200x300.jpg 200w, https:\/\/losch-spandau.de\/galerie\/wp-content\/uploads\/2018\/11\/IMG_5373_v1-768x1152.jpg 768w\" sizes=\"auto, (max-width: 1000px) 100vw, 1000px\" \/><\/a>\n\t\t\t<\/div>\n\t\t\t\t<figcaption class='wp-caption-text gallery-caption' id='gallery-1-1337'>\n\t\t\t\tWeg im S\u00fcdpark\n\t\t\t\t<\/figcaption><\/figure><figure class='gallery-item'>\n\t\t\t<div class='gallery-icon landscape'>\n\t\t\t\t<a href='https:\/\/losch-spandau.de\/galerie\/wp-content\/uploads\/2018\/11\/IMG_5374.jpg'><img loading=\"lazy\" decoding=\"async\" width=\"1000\" height=\"667\" src=\"https:\/\/losch-spandau.de\/galerie\/wp-content\/uploads\/2018\/11\/IMG_5374.jpg\" class=\"attachment-large size-large\" alt=\"S\u00fcdparksee\" aria-describedby=\"gallery-1-1338\" srcset=\"https:\/\/losch-spandau.de\/galerie\/wp-content\/uploads\/2018\/11\/IMG_5374.jpg 5616w, https:\/\/losch-spandau.de\/galerie\/wp-content\/uploads\/2018\/11\/IMG_5374-300x200.jpg 300w, https:\/\/losch-spandau.de\/galerie\/wp-content\/uploads\/2018\/11\/IMG_5374-768x512.jpg 768w\" sizes=\"auto, (max-width: 1000px) 100vw, 1000px\" \/><\/a>\n\t\t\t<\/div>\n\t\t\t\t<figcaption class='wp-caption-text gallery-caption' id='gallery-1-1338'>\n\t\t\t\tS\u00fcdparksee, Blick nach S\u00fcden\n\t\t\t\t<\/figcaption><\/figure><figure class='gallery-item'>\n\t\t\t<div class='gallery-icon landscape'>\n\t\t\t\t<a href='https:\/\/losch-spandau.de\/galerie\/wp-content\/uploads\/2018\/11\/IMG_5377.jpg'><img loading=\"lazy\" decoding=\"async\" width=\"1000\" height=\"667\" src=\"https:\/\/losch-spandau.de\/galerie\/wp-content\/uploads\/2018\/11\/IMG_5377.jpg\" class=\"attachment-large size-large\" alt=\"Laub\" aria-describedby=\"gallery-1-1339\" srcset=\"https:\/\/losch-spandau.de\/galerie\/wp-content\/uploads\/2018\/11\/IMG_5377.jpg 5616w, https:\/\/losch-spandau.de\/galerie\/wp-content\/uploads\/2018\/11\/IMG_5377-300x200.jpg 300w, https:\/\/losch-spandau.de\/galerie\/wp-content\/uploads\/2018\/11\/IMG_5377-768x512.jpg 768w\" sizes=\"auto, (max-width: 1000px) 100vw, 1000px\" \/><\/a>\n\t\t\t<\/div>\n\t\t\t\t<figcaption class='wp-caption-text gallery-caption' id='gallery-1-1339'>\n\t\t\t\tLaub\n\t\t\t\t<\/figcaption><\/figure><figure class='gallery-item'>\n\t\t\t<div class='gallery-icon landscape'>\n\t\t\t\t<a href='https:\/\/losch-spandau.de\/galerie\/wp-content\/uploads\/2018\/11\/IMG_5379.jpg'><img loading=\"lazy\" decoding=\"async\" width=\"1000\" height=\"667\" src=\"https:\/\/losch-spandau.de\/galerie\/wp-content\/uploads\/2018\/11\/IMG_5379.jpg\" class=\"attachment-large size-large\" alt=\"Insel im S\u00fcdparksee\" aria-describedby=\"gallery-1-1346\" srcset=\"https:\/\/losch-spandau.de\/galerie\/wp-content\/uploads\/2018\/11\/IMG_5379.jpg 5616w, https:\/\/losch-spandau.de\/galerie\/wp-content\/uploads\/2018\/11\/IMG_5379-300x200.jpg 300w, https:\/\/losch-spandau.de\/galerie\/wp-content\/uploads\/2018\/11\/IMG_5379-768x512.jpg 768w\" sizes=\"auto, (max-width: 1000px) 100vw, 1000px\" \/><\/a>\n\t\t\t<\/div>\n\t\t\t\t<figcaption class='wp-caption-text gallery-caption' id='gallery-1-1346'>\n\t\t\t\tInsel im S\u00fcdparksee\n\t\t\t\t<\/figcaption><\/figure><figure class='gallery-item'>\n\t\t\t<div class='gallery-icon portrait'>\n\t\t\t\t<a href='https:\/\/losch-spandau.de\/galerie\/wp-content\/uploads\/2018\/11\/IMG_5380.jpg'><img loading=\"lazy\" decoding=\"async\" width=\"1000\" height=\"1500\" src=\"https:\/\/losch-spandau.de\/galerie\/wp-content\/uploads\/2018\/11\/IMG_5380.jpg\" class=\"attachment-large size-large\" alt=\"Schwan\" aria-describedby=\"gallery-1-1340\" srcset=\"https:\/\/losch-spandau.de\/galerie\/wp-content\/uploads\/2018\/11\/IMG_5380.jpg 3744w, https:\/\/losch-spandau.de\/galerie\/wp-content\/uploads\/2018\/11\/IMG_5380-200x300.jpg 200w, https:\/\/losch-spandau.de\/galerie\/wp-content\/uploads\/2018\/11\/IMG_5380-768x1152.jpg 768w\" sizes=\"auto, (max-width: 1000px) 100vw, 1000px\" \/><\/a>\n\t\t\t<\/div>\n\t\t\t\t<figcaption class='wp-caption-text gallery-caption' id='gallery-1-1340'>\n\t\t\t\tSchwan, im November 2011 im S\u00fcdpark\n\t\t\t\t<\/figcaption><\/figure><figure class='gallery-item'>\n\t\t\t<div class='gallery-icon portrait'>\n\t\t\t\t<a href='https:\/\/losch-spandau.de\/galerie\/wp-content\/uploads\/2018\/11\/IMG_5386.jpg'><img loading=\"lazy\" decoding=\"async\" width=\"1000\" height=\"1500\" src=\"https:\/\/losch-spandau.de\/galerie\/wp-content\/uploads\/2018\/11\/IMG_5386.jpg\" class=\"attachment-large size-large\" alt=\"Schw\u00e4ne\" aria-describedby=\"gallery-1-1341\" srcset=\"https:\/\/losch-spandau.de\/galerie\/wp-content\/uploads\/2018\/11\/IMG_5386.jpg 3744w, https:\/\/losch-spandau.de\/galerie\/wp-content\/uploads\/2018\/11\/IMG_5386-200x300.jpg 200w, https:\/\/losch-spandau.de\/galerie\/wp-content\/uploads\/2018\/11\/IMG_5386-768x1152.jpg 768w\" sizes=\"auto, (max-width: 1000px) 100vw, 1000px\" \/><\/a>\n\t\t\t<\/div>\n\t\t\t\t<figcaption class='wp-caption-text gallery-caption' id='gallery-1-1341'>\n\t\t\t\tSchw\u00e4nen, im November 2011 im S\u00fcdpark\n\t\t\t\t<\/figcaption><\/figure>\n\t\t<\/div>\n\n","protected":false},"excerpt":{"rendered":"<p>Es ist Herbst. Durch die Trockenheit ist das Wasser im S\u00fcdpark um \u00fcber einen halben Meter gefallen. Man kann fast zu den Inseln her\u00fcberlaufen. Das sah beim Hochwasser vor einigen Jahren (2011) ganz anders aus. Die Kinder der Schwan &#8211; Familie vom Fr\u00fchling sind gro\u00df &hellip; <a href=\"https:\/\/losch-spandau.de\/galerie\/2018\/11\/herbst-2\/\" class=\"more-link\"><span>Continue reading<span class=\"screen-reader-text\">Herbst<\/span><\/span><\/a><\/p>\n","protected":false},"author":1,"featured_media":1337,"comment_status":"open","ping_status":"open","sticky":false,"template":"","format":"standard","meta":{"footnotes":""},"categories":[5,4],"tags":[],"class_list":["post-1336","post","type-post","status-publish","format-standard","has-post-thumbnail","hentry","category-berlin","category-natur"],"_links":{"self":[{"href":"https:\/\/losch-spandau.de\/galerie\/wp-json\/wp\/v2\/posts\/1336","targetHints":{"allow":["GET"]}}],"collection":[{"href":"https:\/\/losch-spandau.de\/galerie\/wp-json\/wp\/v2\/posts"}],"about":[{"href":"https:\/\/losch-spandau.de\/galerie\/wp-json\/wp\/v2\/types\/post"}],"author":[{"embeddable":true,"href":"https:\/\/losch-spandau.de\/galerie\/wp-json\/wp\/v2\/users\/1"}],"replies":[{"embeddable":true,"href":"https:\/\/losch-spandau.de\/galerie\/wp-json\/wp\/v2\/comments?post=1336"}],"version-history":[{"count":4,"href":"https:\/\/losch-spandau.de\/galerie\/wp-json\/wp\/v2\/posts\/1336\/revisions"}],"predecessor-version":[{"id":1347,"href":"https:\/\/losch-spandau.de\/galerie\/wp-json\/wp\/v2\/posts\/1336\/revisions\/1347"}],"wp:featuredmedia":[{"embeddable":true,"href":"https:\/\/losch-spandau.de\/galerie\/wp-json\/wp\/v2\/media\/1337"}],"wp:attachment":[{"href":"https:\/\/losch-spandau.de\/galerie\/wp-json\/wp\/v2\/media?parent=1336"}],"wp:term":[{"taxonomy":"category","embeddable":true,"href":"https:\/\/losch-spandau.de\/galerie\/wp-json\/wp\/v2\/categories?post=1336"},{"taxonomy":"post_tag","embeddable":true,"href":"https:\/\/losch-spandau.de\/galerie\/wp-json\/wp\/v2\/tags?post=1336"}],"curies":[{"name":"wp","href":"https:\/\/api.w.org\/{rel}","templated":true}]}}