

{"id":1519,"date":"2019-08-27T17:08:54","date_gmt":"2019-08-27T15:08:54","guid":{"rendered":"https:\/\/losch-spandau.de\/galerie\/?p=1519"},"modified":"2019-08-27T17:10:19","modified_gmt":"2019-08-27T15:10:19","slug":"vom-potsdamer-platz-zum-hauptbahnhof","status":"publish","type":"post","link":"https:\/\/losch-spandau.de\/galerie\/2019\/08\/vom-potsdamer-platz-zum-hauptbahnhof\/","title":{"rendered":"Vom Potsdamer Platz zum Hauptbahnhof"},"content":{"rendered":"\n<p>Ein Spaziergang in der Berliner Mitte vom Potsdamer Platz zum Hauptbahnhof<\/p>\n\n\n\n\n\t\t\t\t<div id=\"map_ol3js_1\" class=\"map undefined\" data-map_name=\"undefined\" data-map=\"map_ol3js_1\" style=\"width:95%; max-width:100%; height:450px; display:block; overflow:hidden;border:thin solid;\" >\n\t\t\t\t  <div id=\"map_ol3js_1_popup\" class=\"ol-popup\" >\n\t\t\t\t\t<a href=\"#\" id=\"map_ol3js_1_popup-closer\" class=\"ol-popup-closer\"><\/a>\n\t\t\t\t\t<div id=\"map_ol3js_1_popup-content\" ><\/div>\n\t\t\t\t  <\/div>\n\t\t\t\t<\/div>\n\t\t\t\n\n\t\t\t\t<script type=\"text\/javascript\">\n\t\t\t\t\ttranslations['openlayer'] = \"open layer\";\n\t\t\t\t\ttranslations['openlayerAtStartup'] = \"open layer at startup\";\n\t\t\t\t\ttranslations['generateLink'] = \"Der Link zur Karte mit ausgew\u00e4hlten Overlays und angezeigtem Ausschnitt\";\n\t\t\t\t\ttranslations['shortDescription'] = \"Kurzbeschreibung\";\n\t\t\t\t\ttranslations['generatedShortCode'] = \"to get a text control link paste this code in your wordpress editor\";\n\t\t\t\t\ttranslations['closeLayer'] = \"close layer\";\n\t\t\t\t\ttranslations['cantGenerateLink'] = \"put this string in the existing map short code to control this map\";\n\t\t\t  <\/script>\n\n\n\t\t\t  <script type=\"text\/javascript\">\n\t\t\t  vectorM['map_ol3js_1'] = [];\n\t        \n        var raster = getTileLayer(\"\",\"NoKey\");\t\t\t\n\n\t\t\t  var map_ol3js_1 = new ol.Map({\n\t\t\t\tinteractions: ol.interaction.defaults.defaults({mouseWheelZoom:false}),\n\t\t\t\tlayers: [raster],\n\t\t\t\ttarget: \"map_ol3js_1\",\n\t\t\t\tview: new ol.View({\n\t\t\t\t  center: ol.proj.transform([13.3728,52.5165], \"EPSG:4326\", \"EPSG:3857\"),\n\t\t\t\t  zoom: 14\n\t\t\t\t})\n\t\t\t  });\n\t\t\t  osm_addMarkerLayer(map_ol3js_1,13.3728,52.5165,\"https:\/\/losch-spandau.de\/galerie\/wp-content\/plugins\/osm\/icons\/mic_black_camera_01.png\",-16,-41,\"<p>Sowjetisches Ehrenmal<\/p>\") ; \naddControls2Map(map_ol3js_1,1,0,3,1,5,6,7,1,1);\nosm_addPopupClickhandler(map_ol3js_1,  \"map_ol3js_1\"); \nosm_addMouseHover(map_ol3js_1); <\/script>\n\n\n\n<p>\n<hr>\n<\/p>\n\n\n\n<p>Die Architektur des Potsdamer Platzes, insbesondere das Dach des SONY Centers sind immer wieder beeindruckend. Und man findet immer wieder neue interessante Blickwinkel. Vor dem Brandenburger Tor erinnert noch immer &#8222;der Schrei&#8220; an die deutsche Teilung. Das sowjetische Ehrenmal erinnert mit seinen Feldgesch\u00fctzen und Panzern an den unsinnigen Weltkrieg und seine Folgen, w\u00e4hrend auf dem benachbarten Reichstag die Fahnen Deutschlands und Europas wehen, als Zeichen f\u00fcr Jahrzehnte im Frieden und eine lebenswerte, grenzenlose Heimat.<\/p>\n\n\n\n<p>\n<hr>\n<\/p>\n\n\n\n<ul class=\"wp-block-gallery columns-1 is-cropped wp-block-gallery-1 is-layout-flex wp-block-gallery-is-layout-flex\"><li class=\"blocks-gallery-item\"><figure><a href=\"https:\/\/losch-spandau.de\/galerie\/wp-content\/uploads\/2019\/08\/IMG_5999.jpg\"><img loading=\"lazy\" decoding=\"async\" width=\"5616\" height=\"3744\" src=\"https:\/\/losch-spandau.de\/galerie\/wp-content\/uploads\/2019\/08\/IMG_5999.jpg\" alt=\"\" data-id=\"1520\" data-link=\"https:\/\/losch-spandau.de\/galerie\/?attachment_id=1520\" class=\"wp-image-1520\" srcset=\"https:\/\/losch-spandau.de\/galerie\/wp-content\/uploads\/2019\/08\/IMG_5999.jpg 5616w, https:\/\/losch-spandau.de\/galerie\/wp-content\/uploads\/2019\/08\/IMG_5999-300x200.jpg 300w, https:\/\/losch-spandau.de\/galerie\/wp-content\/uploads\/2019\/08\/IMG_5999-768x512.jpg 768w\" sizes=\"auto, (max-width: 5616px) 100vw, 5616px\" \/><\/a><figcaption>Kronprinzenbr\u00fccke<\/figcaption><\/figure><\/li><li class=\"blocks-gallery-item\"><figure><a href=\"https:\/\/losch-spandau.de\/galerie\/wp-content\/uploads\/2019\/08\/IMG_5996.jpg\"><img loading=\"lazy\" decoding=\"async\" width=\"3744\" height=\"5616\" src=\"https:\/\/losch-spandau.de\/galerie\/wp-content\/uploads\/2019\/08\/IMG_5996.jpg\" alt=\"\" data-id=\"1521\" data-link=\"https:\/\/losch-spandau.de\/galerie\/?attachment_id=1521\" class=\"wp-image-1521\" srcset=\"https:\/\/losch-spandau.de\/galerie\/wp-content\/uploads\/2019\/08\/IMG_5996.jpg 3744w, https:\/\/losch-spandau.de\/galerie\/wp-content\/uploads\/2019\/08\/IMG_5996-200x300.jpg 200w, https:\/\/losch-spandau.de\/galerie\/wp-content\/uploads\/2019\/08\/IMG_5996-768x1152.jpg 768w\" sizes=\"auto, (max-width: 3744px) 100vw, 3744px\" \/><\/a><figcaption>Treppe zur Bibliothek des Deutschen Bundestages<\/figcaption><\/figure><\/li><li class=\"blocks-gallery-item\"><figure><a href=\"https:\/\/losch-spandau.de\/galerie\/wp-content\/uploads\/2019\/08\/IMG_5987.jpg\"><img loading=\"lazy\" decoding=\"async\" width=\"5616\" height=\"3744\" src=\"https:\/\/losch-spandau.de\/galerie\/wp-content\/uploads\/2019\/08\/IMG_5987.jpg\" alt=\"\" data-id=\"1522\" data-link=\"https:\/\/losch-spandau.de\/galerie\/?attachment_id=1522\" class=\"wp-image-1522\" srcset=\"https:\/\/losch-spandau.de\/galerie\/wp-content\/uploads\/2019\/08\/IMG_5987.jpg 5616w, https:\/\/losch-spandau.de\/galerie\/wp-content\/uploads\/2019\/08\/IMG_5987-300x200.jpg 300w, https:\/\/losch-spandau.de\/galerie\/wp-content\/uploads\/2019\/08\/IMG_5987-768x512.jpg 768w\" sizes=\"auto, (max-width: 5616px) 100vw, 5616px\" \/><\/a><figcaption>Abgeordnetenhaus<\/figcaption><\/figure><\/li><li class=\"blocks-gallery-item\"><figure><a href=\"https:\/\/losch-spandau.de\/galerie\/wp-content\/uploads\/2019\/08\/IMG_5983.jpg\"><img loading=\"lazy\" decoding=\"async\" width=\"5616\" height=\"3744\" src=\"https:\/\/losch-spandau.de\/galerie\/wp-content\/uploads\/2019\/08\/IMG_5983.jpg\" alt=\"\" data-id=\"1523\" data-link=\"https:\/\/losch-spandau.de\/galerie\/?attachment_id=1523\" class=\"wp-image-1523\" srcset=\"https:\/\/losch-spandau.de\/galerie\/wp-content\/uploads\/2019\/08\/IMG_5983.jpg 5616w, https:\/\/losch-spandau.de\/galerie\/wp-content\/uploads\/2019\/08\/IMG_5983-300x200.jpg 300w, https:\/\/losch-spandau.de\/galerie\/wp-content\/uploads\/2019\/08\/IMG_5983-768x512.jpg 768w\" sizes=\"auto, (max-width: 5616px) 100vw, 5616px\" \/><\/a><figcaption>Bundeskanzleramt<\/figcaption><\/figure><\/li><li class=\"blocks-gallery-item\"><figure><a href=\"https:\/\/losch-spandau.de\/galerie\/wp-content\/uploads\/2019\/08\/IMG_5980.jpg\"><img loading=\"lazy\" decoding=\"async\" width=\"5616\" height=\"3744\" src=\"https:\/\/losch-spandau.de\/galerie\/wp-content\/uploads\/2019\/08\/IMG_5980.jpg\" alt=\"\" data-id=\"1524\" data-link=\"https:\/\/losch-spandau.de\/galerie\/?attachment_id=1524\" class=\"wp-image-1524\" srcset=\"https:\/\/losch-spandau.de\/galerie\/wp-content\/uploads\/2019\/08\/IMG_5980.jpg 5616w, https:\/\/losch-spandau.de\/galerie\/wp-content\/uploads\/2019\/08\/IMG_5980-300x200.jpg 300w, https:\/\/losch-spandau.de\/galerie\/wp-content\/uploads\/2019\/08\/IMG_5980-768x512.jpg 768w\" sizes=\"auto, (max-width: 5616px) 100vw, 5616px\" \/><\/a><figcaption>Europaflagge auf dem reichstag<\/figcaption><\/figure><\/li><li class=\"blocks-gallery-item\"><figure><a href=\"https:\/\/losch-spandau.de\/galerie\/wp-content\/uploads\/2019\/08\/IMG_5979.jpg\"><img loading=\"lazy\" decoding=\"async\" width=\"5616\" height=\"3744\" src=\"https:\/\/losch-spandau.de\/galerie\/wp-content\/uploads\/2019\/08\/IMG_5979.jpg\" alt=\"\" data-id=\"1525\" data-link=\"https:\/\/losch-spandau.de\/galerie\/?attachment_id=1525\" class=\"wp-image-1525\" srcset=\"https:\/\/losch-spandau.de\/galerie\/wp-content\/uploads\/2019\/08\/IMG_5979.jpg 5616w, https:\/\/losch-spandau.de\/galerie\/wp-content\/uploads\/2019\/08\/IMG_5979-300x200.jpg 300w, https:\/\/losch-spandau.de\/galerie\/wp-content\/uploads\/2019\/08\/IMG_5979-768x512.jpg 768w\" sizes=\"auto, (max-width: 5616px) 100vw, 5616px\" \/><\/a><figcaption>Feldgesch\u00fctz und Panzer<\/figcaption><\/figure><\/li><li class=\"blocks-gallery-item\"><figure><a href=\"https:\/\/losch-spandau.de\/galerie\/wp-content\/uploads\/2019\/08\/IMG_5974.jpg\"><img loading=\"lazy\" decoding=\"async\" width=\"5616\" height=\"3744\" src=\"https:\/\/losch-spandau.de\/galerie\/wp-content\/uploads\/2019\/08\/IMG_5974.jpg\" alt=\"\" data-id=\"1526\" data-link=\"https:\/\/losch-spandau.de\/galerie\/?attachment_id=1526\" class=\"wp-image-1526\" srcset=\"https:\/\/losch-spandau.de\/galerie\/wp-content\/uploads\/2019\/08\/IMG_5974.jpg 5616w, https:\/\/losch-spandau.de\/galerie\/wp-content\/uploads\/2019\/08\/IMG_5974-300x200.jpg 300w, https:\/\/losch-spandau.de\/galerie\/wp-content\/uploads\/2019\/08\/IMG_5974-768x512.jpg 768w\" sizes=\"auto, (max-width: 5616px) 100vw, 5616px\" \/><\/a><figcaption>Sowjetisches Ehrenmal<\/figcaption><\/figure><\/li><li class=\"blocks-gallery-item\"><figure><a href=\"https:\/\/losch-spandau.de\/galerie\/wp-content\/uploads\/2019\/08\/IMG_5973.jpg\"><img loading=\"lazy\" decoding=\"async\" width=\"3744\" height=\"5616\" src=\"https:\/\/losch-spandau.de\/galerie\/wp-content\/uploads\/2019\/08\/IMG_5973.jpg\" alt=\"\" data-id=\"1527\" data-link=\"https:\/\/losch-spandau.de\/galerie\/?attachment_id=1527\" class=\"wp-image-1527\" srcset=\"https:\/\/losch-spandau.de\/galerie\/wp-content\/uploads\/2019\/08\/IMG_5973.jpg 3744w, https:\/\/losch-spandau.de\/galerie\/wp-content\/uploads\/2019\/08\/IMG_5973-200x300.jpg 200w, https:\/\/losch-spandau.de\/galerie\/wp-content\/uploads\/2019\/08\/IMG_5973-768x1152.jpg 768w\" sizes=\"auto, (max-width: 3744px) 100vw, 3744px\" \/><\/a><figcaption>Schrei<\/figcaption><\/figure><\/li><li class=\"blocks-gallery-item\"><figure><a href=\"https:\/\/losch-spandau.de\/galerie\/wp-content\/uploads\/2019\/08\/IMG_5972.jpg\"><img loading=\"lazy\" decoding=\"async\" width=\"5616\" height=\"3744\" src=\"https:\/\/losch-spandau.de\/galerie\/wp-content\/uploads\/2019\/08\/IMG_5972.jpg\" alt=\"\" data-id=\"1528\" data-link=\"https:\/\/losch-spandau.de\/galerie\/?attachment_id=1528\" class=\"wp-image-1528\" srcset=\"https:\/\/losch-spandau.de\/galerie\/wp-content\/uploads\/2019\/08\/IMG_5972.jpg 5616w, https:\/\/losch-spandau.de\/galerie\/wp-content\/uploads\/2019\/08\/IMG_5972-300x200.jpg 300w, https:\/\/losch-spandau.de\/galerie\/wp-content\/uploads\/2019\/08\/IMG_5972-768x512.jpg 768w\" sizes=\"auto, (max-width: 5616px) 100vw, 5616px\" \/><\/a><figcaption>Schrei auf das Brandenburger Tor<\/figcaption><\/figure><\/li><li class=\"blocks-gallery-item\"><figure><a href=\"https:\/\/losch-spandau.de\/galerie\/wp-content\/uploads\/2019\/08\/IMG_5960A.jpg\"><img loading=\"lazy\" decoding=\"async\" width=\"3779\" height=\"5673\" src=\"https:\/\/losch-spandau.de\/galerie\/wp-content\/uploads\/2019\/08\/IMG_5960A.jpg\" alt=\"\" data-id=\"1529\" data-link=\"https:\/\/losch-spandau.de\/galerie\/?attachment_id=1529\" class=\"wp-image-1529\" srcset=\"https:\/\/losch-spandau.de\/galerie\/wp-content\/uploads\/2019\/08\/IMG_5960A.jpg 3779w, https:\/\/losch-spandau.de\/galerie\/wp-content\/uploads\/2019\/08\/IMG_5960A-200x300.jpg 200w, https:\/\/losch-spandau.de\/galerie\/wp-content\/uploads\/2019\/08\/IMG_5960A-768x1153.jpg 768w\" sizes=\"auto, (max-width: 3779px) 100vw, 3779px\" \/><\/a><figcaption>Sony Center<\/figcaption><\/figure><\/li><li class=\"blocks-gallery-item\"><figure><a href=\"https:\/\/losch-spandau.de\/galerie\/wp-content\/uploads\/2019\/08\/IMG_5955.jpg\"><img loading=\"lazy\" decoding=\"async\" width=\"3744\" height=\"5616\" src=\"https:\/\/losch-spandau.de\/galerie\/wp-content\/uploads\/2019\/08\/IMG_5955.jpg\" alt=\"\" data-id=\"1530\" data-link=\"https:\/\/losch-spandau.de\/galerie\/?attachment_id=1530\" class=\"wp-image-1530\" srcset=\"https:\/\/losch-spandau.de\/galerie\/wp-content\/uploads\/2019\/08\/IMG_5955.jpg 3744w, https:\/\/losch-spandau.de\/galerie\/wp-content\/uploads\/2019\/08\/IMG_5955-200x300.jpg 200w, https:\/\/losch-spandau.de\/galerie\/wp-content\/uploads\/2019\/08\/IMG_5955-768x1152.jpg 768w\" sizes=\"auto, (max-width: 3744px) 100vw, 3744px\" \/><\/a><figcaption>Sony Center<\/figcaption><\/figure><\/li><li class=\"blocks-gallery-item\"><figure><a href=\"https:\/\/losch-spandau.de\/galerie\/wp-content\/uploads\/2019\/08\/IMG_5953.jpg\"><img loading=\"lazy\" decoding=\"async\" width=\"3744\" height=\"5616\" src=\"https:\/\/losch-spandau.de\/galerie\/wp-content\/uploads\/2019\/08\/IMG_5953.jpg\" alt=\"\" data-id=\"1531\" data-link=\"https:\/\/losch-spandau.de\/galerie\/?attachment_id=1531\" class=\"wp-image-1531\" srcset=\"https:\/\/losch-spandau.de\/galerie\/wp-content\/uploads\/2019\/08\/IMG_5953.jpg 3744w, https:\/\/losch-spandau.de\/galerie\/wp-content\/uploads\/2019\/08\/IMG_5953-200x300.jpg 200w, https:\/\/losch-spandau.de\/galerie\/wp-content\/uploads\/2019\/08\/IMG_5953-768x1152.jpg 768w\" sizes=\"auto, (max-width: 3744px) 100vw, 3744px\" \/><\/a><figcaption>Potsdamer Platz Arkaden<\/figcaption><\/figure><\/li><li class=\"blocks-gallery-item\"><figure><a href=\"https:\/\/losch-spandau.de\/galerie\/wp-content\/uploads\/2019\/08\/IMG_5950.jpg\"><img loading=\"lazy\" decoding=\"async\" width=\"3744\" height=\"5616\" src=\"https:\/\/losch-spandau.de\/galerie\/wp-content\/uploads\/2019\/08\/IMG_5950.jpg\" alt=\"\" data-id=\"1532\" data-link=\"https:\/\/losch-spandau.de\/galerie\/?attachment_id=1532\" class=\"wp-image-1532\" srcset=\"https:\/\/losch-spandau.de\/galerie\/wp-content\/uploads\/2019\/08\/IMG_5950.jpg 3744w, https:\/\/losch-spandau.de\/galerie\/wp-content\/uploads\/2019\/08\/IMG_5950-200x300.jpg 200w, https:\/\/losch-spandau.de\/galerie\/wp-content\/uploads\/2019\/08\/IMG_5950-768x1152.jpg 768w\" sizes=\"auto, (max-width: 3744px) 100vw, 3744px\" \/><\/a><figcaption>Historische Ampel<\/figcaption><\/figure><\/li><\/ul>\n","protected":false},"excerpt":{"rendered":"<p>Ein Spaziergang in der Berliner Mitte vom Potsdamer Platz zum Hauptbahnhof Die Architektur des Potsdamer Platzes, insbesondere das Dach des SONY Centers sind immer wieder beeindruckend. Und man findet immer wieder neue interessante Blickwinkel. Vor dem Brandenburger Tor erinnert noch immer &#8222;der Schrei&#8220; an die &hellip; <a href=\"https:\/\/losch-spandau.de\/galerie\/2019\/08\/vom-potsdamer-platz-zum-hauptbahnhof\/\" class=\"more-link\"><span>Continue reading<span class=\"screen-reader-text\">Vom Potsdamer Platz zum Hauptbahnhof<\/span><\/span><\/a><\/p>\n","protected":false},"author":1,"featured_media":1529,"comment_status":"open","ping_status":"open","sticky":false,"template":"","format":"standard","meta":{"footnotes":""},"categories":[5],"tags":[],"class_list":["post-1519","post","type-post","status-publish","format-standard","has-post-thumbnail","hentry","category-berlin"],"_links":{"self":[{"href":"https:\/\/losch-spandau.de\/galerie\/wp-json\/wp\/v2\/posts\/1519","targetHints":{"allow":["GET"]}}],"collection":[{"href":"https:\/\/losch-spandau.de\/galerie\/wp-json\/wp\/v2\/posts"}],"about":[{"href":"https:\/\/losch-spandau.de\/galerie\/wp-json\/wp\/v2\/types\/post"}],"author":[{"embeddable":true,"href":"https:\/\/losch-spandau.de\/galerie\/wp-json\/wp\/v2\/users\/1"}],"replies":[{"embeddable":true,"href":"https:\/\/losch-spandau.de\/galerie\/wp-json\/wp\/v2\/comments?post=1519"}],"version-history":[{"count":1,"href":"https:\/\/losch-spandau.de\/galerie\/wp-json\/wp\/v2\/posts\/1519\/revisions"}],"predecessor-version":[{"id":1533,"href":"https:\/\/losch-spandau.de\/galerie\/wp-json\/wp\/v2\/posts\/1519\/revisions\/1533"}],"wp:featuredmedia":[{"embeddable":true,"href":"https:\/\/losch-spandau.de\/galerie\/wp-json\/wp\/v2\/media\/1529"}],"wp:attachment":[{"href":"https:\/\/losch-spandau.de\/galerie\/wp-json\/wp\/v2\/media?parent=1519"}],"wp:term":[{"taxonomy":"category","embeddable":true,"href":"https:\/\/losch-spandau.de\/galerie\/wp-json\/wp\/v2\/categories?post=1519"},{"taxonomy":"post_tag","embeddable":true,"href":"https:\/\/losch-spandau.de\/galerie\/wp-json\/wp\/v2\/tags?post=1519"}],"curies":[{"name":"wp","href":"https:\/\/api.w.org\/{rel}","templated":true}]}}