

{"id":1954,"date":"2022-09-30T16:16:00","date_gmt":"2022-09-30T14:16:00","guid":{"rendered":"https:\/\/losch-spandau.de\/galerie\/?p=1954"},"modified":"2022-10-01T16:19:02","modified_gmt":"2022-10-01T14:19:02","slug":"das-humboldt-forum-im-berliner-schloss","status":"publish","type":"post","link":"https:\/\/losch-spandau.de\/galerie\/2022\/09\/das-humboldt-forum-im-berliner-schloss\/","title":{"rendered":"Das Humboldt Forum im Berliner Schloss"},"content":{"rendered":"\n<p>Von wurde 2013 bis 2020 das <a href=\"https:\/\/de.wikipedia.org\/wiki\/Berliner_Schloss\">Berliner Schloss<\/a> (umgangssprachlich auch: Stadtschloss) wiederaufgebaut.<\/p>\n\n\n\n<p>Urspr\u00fcnglich diente es ab 1443 als Hauptresidenz der brandenburgischen Kurf\u00fcrsten, preu\u00dfischen K\u00f6nige und deutschen Kaiser sowie ab 1918 als Sitz von Beh\u00f6rden, Kunst- und Wissenschaftseinrichtungen.<\/p>\n\n\n\n<p>Heute beherbergt es als <a href=\"https:\/\/www.humboldtforum.org\/de\">Humboldt Forum<\/a> im Berliner Schloss wesentliche Schausammlungen der Staatlichen Museen zu Berlin, des Stadtmuseums Berlin und der Humboldt-Universit\u00e4t zu Berlin. Dadurch erweitert es das Angebot der Museumsinsel und schafft damit eines der gr\u00f6\u00dften zusammenh\u00e4ngenden Kulturensembles der Welt.<\/p>\n\n\n\n<hr class=\"wp-block-separator has-text-color has-black-color has-css-opacity has-black-background-color has-background is-style-wide\"\/>\n\n\n<div class=\"wp-block-image\">\n<figure class=\"aligncenter size-large\"><img decoding=\"async\" src=\"https:\/\/www.humboldtforum.org\/wp-content\/uploads\/2020\/05\/20151112_DachaufsichtmiDachcafefrPrsentation_skaliert-300x212.jpg\" alt=\"\"\/><figcaption>Dachaufsicht mit Dachcafe<br>\u00a9 Stiftung Humboldt Forum im Berliner Schloss \/ Architekt: Franco Stella (https:\/\/www.humboldtforum.org\/de\/presse\/medien\/humboldt-forum-im-berliner-schloss-2\/)<\/figcaption><\/figure><\/div>\n\n\n<hr class=\"wp-block-separator has-text-color has-black-color has-css-opacity has-black-background-color has-background is-style-wide\"\/>\n\n\n\n\n\t\t\t\t<div id=\"map_ol3js_1\" class=\"map undefined\" data-map_name=\"undefined\" data-map=\"map_ol3js_1\" style=\"width:95%; max-width:100%; height:450px; display:block; overflow:hidden;border:2px solid grey;\" >\n\t\t\t\t  <div id=\"map_ol3js_1_popup\" class=\"ol-popup\" >\n\t\t\t\t\t<a href=\"#\" id=\"map_ol3js_1_popup-closer\" class=\"ol-popup-closer\"><\/a>\n\t\t\t\t\t<div id=\"map_ol3js_1_popup-content\" ><\/div>\n\t\t\t\t  <\/div>\n\t\t\t\t<\/div>\n\t\t\t\n\n\t\t\t\t<script type=\"text\/javascript\">\n\t\t\t\t\ttranslations['openlayer'] = \"open layer\";\n\t\t\t\t\ttranslations['openlayerAtStartup'] = \"open layer at startup\";\n\t\t\t\t\ttranslations['generateLink'] = \"Der Link zur Karte mit ausgew\u00e4hlten Overlays und angezeigtem Ausschnitt\";\n\t\t\t\t\ttranslations['shortDescription'] = \"Kurzbeschreibung\";\n\t\t\t\t\ttranslations['generatedShortCode'] = \"to get a text control link paste this code in your wordpress editor\";\n\t\t\t\t\ttranslations['closeLayer'] = \"close layer\";\n\t\t\t\t\ttranslations['cantGenerateLink'] = \"put this string in the existing map short code to control this map\";\n\t\t\t  <\/script>\n\n\n\t\t\t  <script type=\"text\/javascript\">\n\t\t\t  vectorM['map_ol3js_1'] = [];\n\t        \n        var raster = getTileLayer(\"osm\",\"NoKey\");\t\t\t\n\n\t\t\t  var map_ol3js_1 = new ol.Map({\n\t\t\t\tinteractions: ol.interaction.defaults.defaults({mouseWheelZoom:false}),\n\t\t\t\tlayers: [raster],\n\t\t\t\ttarget: \"map_ol3js_1\",\n\t\t\t\tview: new ol.View({\n\t\t\t\t  center: ol.proj.transform([13.4011,52.5173], \"EPSG:4326\", \"EPSG:3857\"),\n\t\t\t\t  zoom: 17.0\n\t\t\t\t})\n\t\t\t  });\n\t\t\t  osm_addMarkerLayer(map_ol3js_1,13.4011,52.5170,\"https:\/\/losch-spandau.de\/galerie\/wp-content\/plugins\/osm\/icons\/mic_black_camera_01.png\",-16,-41,\"<p>Das Humboldt Forum im Berliner Schloss<\/p>\") ; \naddControls2Map(map_ol3js_1,0,0,3,1,5,6,7,1,1);\nosm_addPopupClickhandler(map_ol3js_1,  \"map_ol3js_1\"); \nosm_addMouseHover(map_ol3js_1); <\/script>\n\n\n\n<hr class=\"wp-block-separator has-text-color has-black-color has-css-opacity has-black-background-color has-background is-style-wide\"\/>\n\n\n\n<figure class=\"wp-block-gallery has-nested-images columns-1 is-cropped wp-block-gallery-1 is-layout-flex wp-block-gallery-is-layout-flex\">\n<figure class=\"wp-block-image size-large\"><a href=\"https:\/\/losch-spandau.de\/galerie\/wp-content\/uploads\/2022\/10\/IMG_6963.jpg\"><img loading=\"lazy\" decoding=\"async\" width=\"1024\" height=\"1536\" data-id=\"1967\" src=\"https:\/\/losch-spandau.de\/galerie\/wp-content\/uploads\/2022\/10\/IMG_6963.jpg\" alt=\"\" class=\"wp-image-1967\" srcset=\"https:\/\/losch-spandau.de\/galerie\/wp-content\/uploads\/2022\/10\/IMG_6963.jpg 1024w, https:\/\/losch-spandau.de\/galerie\/wp-content\/uploads\/2022\/10\/IMG_6963-200x300.jpg 200w, https:\/\/losch-spandau.de\/galerie\/wp-content\/uploads\/2022\/10\/IMG_6963-768x1152.jpg 768w\" sizes=\"auto, (max-width: 1024px) 100vw, 1024px\" \/><\/a><figcaption>Vor dem Schloss<\/figcaption><\/figure>\n\n\n\n<figure class=\"wp-block-image size-large\"><a href=\"https:\/\/losch-spandau.de\/galerie\/wp-content\/uploads\/2022\/10\/IMG_6954.jpg\"><img loading=\"lazy\" decoding=\"async\" width=\"1024\" height=\"683\" data-id=\"1970\" src=\"https:\/\/losch-spandau.de\/galerie\/wp-content\/uploads\/2022\/10\/IMG_6954.jpg\" alt=\"\" class=\"wp-image-1970\" srcset=\"https:\/\/losch-spandau.de\/galerie\/wp-content\/uploads\/2022\/10\/IMG_6954.jpg 1024w, https:\/\/losch-spandau.de\/galerie\/wp-content\/uploads\/2022\/10\/IMG_6954-300x200.jpg 300w, https:\/\/losch-spandau.de\/galerie\/wp-content\/uploads\/2022\/10\/IMG_6954-768x512.jpg 768w\" sizes=\"auto, (max-width: 1024px) 100vw, 1024px\" \/><\/a><figcaption>Fassade auf Spreeseite<\/figcaption><\/figure>\n\n\n\n<figure class=\"wp-block-image size-large\"><a href=\"https:\/\/losch-spandau.de\/galerie\/wp-content\/uploads\/2022\/10\/IMG_6961.jpg\"><img loading=\"lazy\" decoding=\"async\" width=\"1024\" height=\"1536\" data-id=\"1968\" src=\"https:\/\/losch-spandau.de\/galerie\/wp-content\/uploads\/2022\/10\/IMG_6961.jpg\" alt=\"\" class=\"wp-image-1968\" srcset=\"https:\/\/losch-spandau.de\/galerie\/wp-content\/uploads\/2022\/10\/IMG_6961.jpg 1024w, https:\/\/losch-spandau.de\/galerie\/wp-content\/uploads\/2022\/10\/IMG_6961-200x300.jpg 200w, https:\/\/losch-spandau.de\/galerie\/wp-content\/uploads\/2022\/10\/IMG_6961-768x1152.jpg 768w\" sizes=\"auto, (max-width: 1024px) 100vw, 1024px\" \/><\/a><figcaption>Tor 5 zum Schl\u00fcterhof<\/figcaption><\/figure>\n\n\n\n<figure class=\"wp-block-image size-large\"><a href=\"https:\/\/losch-spandau.de\/galerie\/wp-content\/uploads\/2022\/10\/IMG_6964.jpg\"><img loading=\"lazy\" decoding=\"async\" width=\"1024\" height=\"683\" data-id=\"1966\" src=\"https:\/\/losch-spandau.de\/galerie\/wp-content\/uploads\/2022\/10\/IMG_6964.jpg\" alt=\"\" class=\"wp-image-1966\" srcset=\"https:\/\/losch-spandau.de\/galerie\/wp-content\/uploads\/2022\/10\/IMG_6964.jpg 1024w, https:\/\/losch-spandau.de\/galerie\/wp-content\/uploads\/2022\/10\/IMG_6964-300x200.jpg 300w, https:\/\/losch-spandau.de\/galerie\/wp-content\/uploads\/2022\/10\/IMG_6964-768x512.jpg 768w\" sizes=\"auto, (max-width: 1024px) 100vw, 1024px\" \/><\/a><figcaption>Im Schl\u00fcterhof<\/figcaption><\/figure>\n\n\n\n<figure class=\"wp-block-image size-large\"><a href=\"https:\/\/losch-spandau.de\/galerie\/wp-content\/uploads\/2022\/10\/IMG_6965.jpg\"><img loading=\"lazy\" decoding=\"async\" width=\"1024\" height=\"683\" data-id=\"1965\" src=\"https:\/\/losch-spandau.de\/galerie\/wp-content\/uploads\/2022\/10\/IMG_6965.jpg\" alt=\"\" class=\"wp-image-1965\" srcset=\"https:\/\/losch-spandau.de\/galerie\/wp-content\/uploads\/2022\/10\/IMG_6965.jpg 1024w, https:\/\/losch-spandau.de\/galerie\/wp-content\/uploads\/2022\/10\/IMG_6965-300x200.jpg 300w, https:\/\/losch-spandau.de\/galerie\/wp-content\/uploads\/2022\/10\/IMG_6965-768x512.jpg 768w\" sizes=\"auto, (max-width: 1024px) 100vw, 1024px\" \/><\/a><figcaption>Im Schl\u00fcterhof<\/figcaption><\/figure>\n\n\n\n<figure class=\"wp-block-image size-large\"><a href=\"https:\/\/losch-spandau.de\/galerie\/wp-content\/uploads\/2022\/10\/IMG_6972.jpg\"><img loading=\"lazy\" decoding=\"async\" width=\"1024\" height=\"1536\" data-id=\"1964\" src=\"https:\/\/losch-spandau.de\/galerie\/wp-content\/uploads\/2022\/10\/IMG_6972.jpg\" alt=\"\" class=\"wp-image-1964\" srcset=\"https:\/\/losch-spandau.de\/galerie\/wp-content\/uploads\/2022\/10\/IMG_6972.jpg 1024w, https:\/\/losch-spandau.de\/galerie\/wp-content\/uploads\/2022\/10\/IMG_6972-200x300.jpg 200w, https:\/\/losch-spandau.de\/galerie\/wp-content\/uploads\/2022\/10\/IMG_6972-768x1152.jpg 768w\" sizes=\"auto, (max-width: 1024px) 100vw, 1024px\" \/><\/a><figcaption>Im Schl\u00fcterhof<\/figcaption><\/figure>\n\n\n\n<figure class=\"wp-block-image size-large\"><a href=\"https:\/\/losch-spandau.de\/galerie\/wp-content\/uploads\/2022\/10\/IMG_6975_v1.jpg\"><img loading=\"lazy\" decoding=\"async\" width=\"1024\" height=\"683\" data-id=\"1963\" src=\"https:\/\/losch-spandau.de\/galerie\/wp-content\/uploads\/2022\/10\/IMG_6975_v1.jpg\" alt=\"\" class=\"wp-image-1963\" srcset=\"https:\/\/losch-spandau.de\/galerie\/wp-content\/uploads\/2022\/10\/IMG_6975_v1.jpg 1024w, https:\/\/losch-spandau.de\/galerie\/wp-content\/uploads\/2022\/10\/IMG_6975_v1-300x200.jpg 300w, https:\/\/losch-spandau.de\/galerie\/wp-content\/uploads\/2022\/10\/IMG_6975_v1-768x512.jpg 768w\" sizes=\"auto, (max-width: 1024px) 100vw, 1024px\" \/><\/a><figcaption>In der Passage<\/figcaption><\/figure>\n\n\n\n<figure class=\"wp-block-image size-large\"><a href=\"https:\/\/losch-spandau.de\/galerie\/wp-content\/uploads\/2022\/10\/IMG_6979.jpg\"><img loading=\"lazy\" decoding=\"async\" width=\"1024\" height=\"1536\" data-id=\"1960\" src=\"https:\/\/losch-spandau.de\/galerie\/wp-content\/uploads\/2022\/10\/IMG_6979.jpg\" alt=\"\" class=\"wp-image-1960\" srcset=\"https:\/\/losch-spandau.de\/galerie\/wp-content\/uploads\/2022\/10\/IMG_6979.jpg 1024w, https:\/\/losch-spandau.de\/galerie\/wp-content\/uploads\/2022\/10\/IMG_6979-200x300.jpg 200w, https:\/\/losch-spandau.de\/galerie\/wp-content\/uploads\/2022\/10\/IMG_6979-768x1152.jpg 768w\" sizes=\"auto, (max-width: 1024px) 100vw, 1024px\" \/><\/a><figcaption>Im Foyer<\/figcaption><\/figure>\n\n\n\n<figure class=\"wp-block-image size-large\"><a href=\"https:\/\/losch-spandau.de\/galerie\/wp-content\/uploads\/2022\/10\/IMG_6977.jpg\"><img loading=\"lazy\" decoding=\"async\" width=\"1024\" height=\"1536\" data-id=\"1962\" src=\"https:\/\/losch-spandau.de\/galerie\/wp-content\/uploads\/2022\/10\/IMG_6977.jpg\" alt=\"\" class=\"wp-image-1962\" srcset=\"https:\/\/losch-spandau.de\/galerie\/wp-content\/uploads\/2022\/10\/IMG_6977.jpg 1024w, https:\/\/losch-spandau.de\/galerie\/wp-content\/uploads\/2022\/10\/IMG_6977-200x300.jpg 200w, https:\/\/losch-spandau.de\/galerie\/wp-content\/uploads\/2022\/10\/IMG_6977-768x1152.jpg 768w\" sizes=\"auto, (max-width: 1024px) 100vw, 1024px\" \/><\/a><figcaption>Im Foyer<\/figcaption><\/figure>\n\n\n\n<figure class=\"wp-block-image size-large\"><a href=\"https:\/\/losch-spandau.de\/galerie\/wp-content\/uploads\/2022\/10\/IMG_6978_v1.jpg\"><img loading=\"lazy\" decoding=\"async\" width=\"1024\" height=\"683\" data-id=\"1961\" src=\"https:\/\/losch-spandau.de\/galerie\/wp-content\/uploads\/2022\/10\/IMG_6978_v1.jpg\" alt=\"\" class=\"wp-image-1961\" srcset=\"https:\/\/losch-spandau.de\/galerie\/wp-content\/uploads\/2022\/10\/IMG_6978_v1.jpg 1024w, https:\/\/losch-spandau.de\/galerie\/wp-content\/uploads\/2022\/10\/IMG_6978_v1-300x200.jpg 300w, https:\/\/losch-spandau.de\/galerie\/wp-content\/uploads\/2022\/10\/IMG_6978_v1-768x512.jpg 768w\" sizes=\"auto, (max-width: 1024px) 100vw, 1024px\" \/><\/a><figcaption>Im Foyer<\/figcaption><\/figure>\n\n\n\n<figure class=\"wp-block-image size-large\"><a href=\"https:\/\/losch-spandau.de\/galerie\/wp-content\/uploads\/2022\/10\/IMG_6990.jpg\"><img loading=\"lazy\" decoding=\"async\" width=\"1024\" height=\"1536\" data-id=\"1958\" src=\"https:\/\/losch-spandau.de\/galerie\/wp-content\/uploads\/2022\/10\/IMG_6990.jpg\" alt=\"\" class=\"wp-image-1958\" srcset=\"https:\/\/losch-spandau.de\/galerie\/wp-content\/uploads\/2022\/10\/IMG_6990.jpg 1024w, https:\/\/losch-spandau.de\/galerie\/wp-content\/uploads\/2022\/10\/IMG_6990-200x300.jpg 200w, https:\/\/losch-spandau.de\/galerie\/wp-content\/uploads\/2022\/10\/IMG_6990-768x1152.jpg 768w\" sizes=\"auto, (max-width: 1024px) 100vw, 1024px\" \/><\/a><figcaption>Die Kuppel<\/figcaption><\/figure>\n\n\n\n<figure class=\"wp-block-image size-large\"><a href=\"https:\/\/losch-spandau.de\/galerie\/wp-content\/uploads\/2022\/10\/IMG_6981.jpg\"><img loading=\"lazy\" decoding=\"async\" width=\"1024\" height=\"683\" data-id=\"1959\" src=\"https:\/\/losch-spandau.de\/galerie\/wp-content\/uploads\/2022\/10\/IMG_6981.jpg\" alt=\"\" class=\"wp-image-1959\" srcset=\"https:\/\/losch-spandau.de\/galerie\/wp-content\/uploads\/2022\/10\/IMG_6981.jpg 1024w, https:\/\/losch-spandau.de\/galerie\/wp-content\/uploads\/2022\/10\/IMG_6981-300x200.jpg 300w, https:\/\/losch-spandau.de\/galerie\/wp-content\/uploads\/2022\/10\/IMG_6981-768x512.jpg 768w\" sizes=\"auto, (max-width: 1024px) 100vw, 1024px\" \/><\/a><figcaption>Die Kuppel<\/figcaption><\/figure>\n\n\n\n<figure class=\"wp-block-image size-large\"><a href=\"https:\/\/losch-spandau.de\/galerie\/wp-content\/uploads\/2022\/10\/IMG_6996.jpg\"><img loading=\"lazy\" decoding=\"async\" width=\"1024\" height=\"683\" data-id=\"1957\" src=\"https:\/\/losch-spandau.de\/galerie\/wp-content\/uploads\/2022\/10\/IMG_6996.jpg\" alt=\"\" class=\"wp-image-1957\" srcset=\"https:\/\/losch-spandau.de\/galerie\/wp-content\/uploads\/2022\/10\/IMG_6996.jpg 1024w, https:\/\/losch-spandau.de\/galerie\/wp-content\/uploads\/2022\/10\/IMG_6996-300x200.jpg 300w, https:\/\/losch-spandau.de\/galerie\/wp-content\/uploads\/2022\/10\/IMG_6996-768x512.jpg 768w\" sizes=\"auto, (max-width: 1024px) 100vw, 1024px\" \/><\/a><figcaption>Blick von der Terasse auf den Berliner Dom<\/figcaption><\/figure>\n\n\n\n<figure class=\"wp-block-image size-large\"><a href=\"https:\/\/losch-spandau.de\/galerie\/wp-content\/uploads\/2022\/10\/IMG_6956.jpg\"><img loading=\"lazy\" decoding=\"async\" width=\"1024\" height=\"1536\" data-id=\"1969\" src=\"https:\/\/losch-spandau.de\/galerie\/wp-content\/uploads\/2022\/10\/IMG_6956.jpg\" alt=\"\" class=\"wp-image-1969\" srcset=\"https:\/\/losch-spandau.de\/galerie\/wp-content\/uploads\/2022\/10\/IMG_6956.jpg 1024w, https:\/\/losch-spandau.de\/galerie\/wp-content\/uploads\/2022\/10\/IMG_6956-200x300.jpg 200w, https:\/\/losch-spandau.de\/galerie\/wp-content\/uploads\/2022\/10\/IMG_6956-768x1152.jpg 768w\" sizes=\"auto, (max-width: 1024px) 100vw, 1024px\" \/><\/a><figcaption>Berliner Dom<\/figcaption><\/figure>\n<\/figure>\n","protected":false},"excerpt":{"rendered":"<p>Von wurde 2013 bis 2020 das Berliner Schloss (umgangssprachlich auch: Stadtschloss) wiederaufgebaut. Urspr\u00fcnglich diente es ab 1443 als Hauptresidenz der brandenburgischen Kurf\u00fcrsten, preu\u00dfischen K\u00f6nige und deutschen Kaiser sowie ab 1918 als Sitz von Beh\u00f6rden, Kunst- und Wissenschaftseinrichtungen. Heute beherbergt es als Humboldt Forum im Berliner &hellip; <a href=\"https:\/\/losch-spandau.de\/galerie\/2022\/09\/das-humboldt-forum-im-berliner-schloss\/\" class=\"more-link\"><span>Continue reading<span class=\"screen-reader-text\">Das Humboldt Forum im Berliner Schloss<\/span><\/span><\/a><\/p>\n","protected":false},"author":1,"featured_media":1963,"comment_status":"open","ping_status":"open","sticky":false,"template":"","format":"standard","meta":{"footnotes":""},"categories":[1,5],"tags":[],"class_list":["post-1954","post","type-post","status-publish","format-standard","has-post-thumbnail","hentry","category-allgemein","category-berlin"],"_links":{"self":[{"href":"https:\/\/losch-spandau.de\/galerie\/wp-json\/wp\/v2\/posts\/1954","targetHints":{"allow":["GET"]}}],"collection":[{"href":"https:\/\/losch-spandau.de\/galerie\/wp-json\/wp\/v2\/posts"}],"about":[{"href":"https:\/\/losch-spandau.de\/galerie\/wp-json\/wp\/v2\/types\/post"}],"author":[{"embeddable":true,"href":"https:\/\/losch-spandau.de\/galerie\/wp-json\/wp\/v2\/users\/1"}],"replies":[{"embeddable":true,"href":"https:\/\/losch-spandau.de\/galerie\/wp-json\/wp\/v2\/comments?post=1954"}],"version-history":[{"count":3,"href":"https:\/\/losch-spandau.de\/galerie\/wp-json\/wp\/v2\/posts\/1954\/revisions"}],"predecessor-version":[{"id":1971,"href":"https:\/\/losch-spandau.de\/galerie\/wp-json\/wp\/v2\/posts\/1954\/revisions\/1971"}],"wp:featuredmedia":[{"embeddable":true,"href":"https:\/\/losch-spandau.de\/galerie\/wp-json\/wp\/v2\/media\/1963"}],"wp:attachment":[{"href":"https:\/\/losch-spandau.de\/galerie\/wp-json\/wp\/v2\/media?parent=1954"}],"wp:term":[{"taxonomy":"category","embeddable":true,"href":"https:\/\/losch-spandau.de\/galerie\/wp-json\/wp\/v2\/categories?post=1954"},{"taxonomy":"post_tag","embeddable":true,"href":"https:\/\/losch-spandau.de\/galerie\/wp-json\/wp\/v2\/tags?post=1954"}],"curies":[{"name":"wp","href":"https:\/\/api.w.org\/{rel}","templated":true}]}}