

{"id":2203,"date":"2025-06-26T15:00:00","date_gmt":"2025-06-26T13:00:00","guid":{"rendered":"https:\/\/losch-spandau.de\/galerie\/?p=2203"},"modified":"2025-07-17T12:12:46","modified_gmt":"2025-07-17T10:12:46","slug":"stadt-roth","status":"publish","type":"post","link":"https:\/\/losch-spandau.de\/galerie\/2025\/06\/stadt-roth\/","title":{"rendered":"Stadt Roth"},"content":{"rendered":"\n<p>Die <a href=\"https:\/\/www.stadt-roth.de\/startseite\" data-type=\"link\" data-id=\"https:\/\/www.stadt-roth.de\/startseite\">Stadt Roth<\/a> ist die Kreisstadt des mittelfr\u00e4nkischen Landkreises Roth. Die idyllische Stadt mit etwas \u00fcber 25.000 Einwohnern  liegt etwa 20 km s\u00fcdlich von N\u00fcrnberg. <\/p>\n\n\n\n<p>Bemerkenswert sch\u00f6n mit seinem liebevoll restaurierten Prunksaal ist das <a href=\"https:\/\/www.schloss-ratibor.de\/de\/startseite\" data-type=\"link\" data-id=\"https:\/\/www.schloss-ratibor.de\/de\/startseite\">Schloss Ratibor<\/a>. Georg der Fromme, Markgraf von Brandenburg-Ansbach, lie\u00df es 1535\u20131537 errichten.<\/p>\n\n\n\n<p>Auch bei der Energiewende im Geb\u00e4udebereich ist <a href=\"https:\/\/www.dena.de\/kompetenzzentrum-contracting\/modellvorhaben\/teilnehmer-des-modellvorhabens\/roth\/\" data-type=\"link\" data-id=\"https:\/\/www.dena.de\/kompetenzzentrum-contracting\/modellvorhaben\/teilnehmer-des-modellvorhabens\/roth\/\">Roth<\/a> weit vorne. Unterst\u00fctzt durch die <a href=\"https:\/\/www.dena.de\/\" data-type=\"link\" data-id=\"https:\/\/www.dena.de\/\">dena<\/a> in Berlin werden 15 Liegenschaften, darunter auch das Schloss, energetisch mittels <a href=\"https:\/\/www.dena.de\/kompetenzzentrum-contracting\/energiespar-contracting\/\" data-type=\"link\" data-id=\"https:\/\/www.dena.de\/kompetenzzentrum-contracting\/energiespar-contracting\/\">Energiespar-Contracting<\/a> saniert. Ich war zur <a href=\"https:\/\/www.stadt-roth.de\/rathaus-politik\/aktuelles-aus-dem-rathaus\/2391\/energiespar-contracting-roth-investiert-in-seine-zukunft\" data-type=\"link\" data-id=\"https:\/\/www.stadt-roth.de\/rathaus-politik\/aktuelles-aus-dem-rathaus\/2391\/energiespar-contracting-roth-investiert-in-seine-zukunft\">Vertragsunterzeichnung<\/a> vor Ort.<\/p>\n\n\n\n<hr class=\"wp-block-separator has-text-color has-black-color has-css-opacity has-black-background-color has-background is-style-wide\"\/>\n\n\n\n\n\t\t\t\t<div id=\"map_ol3js_1\" class=\"map undefined\" data-map_name=\"undefined\" data-map=\"map_ol3js_1\" style=\"width:95%; max-width:100%; height:450px; display:block; overflow:hidden;border:2px solid grey;\" >\n\t\t\t\t  <div id=\"map_ol3js_1_popup\" class=\"ol-popup\" >\n\t\t\t\t\t<a href=\"#\" id=\"map_ol3js_1_popup-closer\" class=\"ol-popup-closer\"><\/a>\n\t\t\t\t\t<div id=\"map_ol3js_1_popup-content\" ><\/div>\n\t\t\t\t  <\/div>\n\t\t\t\t<\/div>\n\t\t\t\n\n\t\t\t\t<script type=\"text\/javascript\">\n\t\t\t\t\ttranslations['openlayer'] = \"open layer\";\n\t\t\t\t\ttranslations['openlayerAtStartup'] = \"open layer at startup\";\n\t\t\t\t\ttranslations['generateLink'] = \"Der Link zur Karte mit ausgew\u00e4hlten Overlays und angezeigtem Ausschnitt\";\n\t\t\t\t\ttranslations['shortDescription'] = \"Kurzbeschreibung\";\n\t\t\t\t\ttranslations['generatedShortCode'] = \"to get a text control link paste this code in your wordpress editor\";\n\t\t\t\t\ttranslations['closeLayer'] = \"close layer\";\n\t\t\t\t\ttranslations['cantGenerateLink'] = \"put this string in the existing map short code to control this map\";\n\t\t\t  <\/script>\n\n\n\t\t\t  <script type=\"text\/javascript\">\n\t\t\t  vectorM['map_ol3js_1'] = [];\n\t        \n        var raster = getTileLayer(\"osm\",\"NoKey\");\t\t\t\n\n\t\t\t  var map_ol3js_1 = new ol.Map({\n\t\t\t\tinteractions: ol.interaction.defaults.defaults({mouseWheelZoom:false}),\n\t\t\t\tlayers: [raster],\n\t\t\t\ttarget: \"map_ol3js_1\",\n\t\t\t\tview: new ol.View({\n\t\t\t\t  center: ol.proj.transform([11.0900,49.2466], \"EPSG:4326\", \"EPSG:3857\"),\n\t\t\t\t  zoom: 16.2\n\t\t\t\t})\n\t\t\t  });\n\t\t\t  osm_addMarkerLayer(map_ol3js_1,11.0911,49.2473,\"https:\/\/losch-spandau.de\/galerie\/wp-content\/plugins\/osm\/icons\/mic_black_camera_01.png\",-16,-41,\"<p><\/p>\") ; \naddControls2Map(map_ol3js_1,0,0,3,1,5,6,7,1,1);\nosm_addPopupClickhandler(map_ol3js_1,  \"map_ol3js_1\"); \nosm_addMouseHover(map_ol3js_1); <\/script>\n\n\n\n<hr class=\"wp-block-separator has-text-color has-black-color has-css-opacity has-black-background-color has-background is-style-wide\"\/>\n\n\n\n<figure class=\"wp-block-gallery has-nested-images columns-1 is-cropped wp-block-gallery-1 is-layout-flex wp-block-gallery-is-layout-flex\">\n<figure class=\"wp-block-image size-full\"><img loading=\"lazy\" decoding=\"async\" width=\"1440\" height=\"1920\" data-id=\"2214\" src=\"https:\/\/losch-spandau.de\/galerie\/wp-content\/uploads\/2025\/07\/2025-06-24-12-30-55-006-rotated.jpg\" alt=\"Schloss Ratibor\" class=\"wp-image-2214\" srcset=\"https:\/\/losch-spandau.de\/galerie\/wp-content\/uploads\/2025\/07\/2025-06-24-12-30-55-006-rotated.jpg 1440w, https:\/\/losch-spandau.de\/galerie\/wp-content\/uploads\/2025\/07\/2025-06-24-12-30-55-006-225x300.jpg 225w, https:\/\/losch-spandau.de\/galerie\/wp-content\/uploads\/2025\/07\/2025-06-24-12-30-55-006-768x1024.jpg 768w, https:\/\/losch-spandau.de\/galerie\/wp-content\/uploads\/2025\/07\/2025-06-24-12-30-55-006-1152x1536.jpg 1152w\" sizes=\"auto, (max-width: 1440px) 100vw, 1440px\" \/><figcaption class=\"wp-element-caption\">Schloss Ratibor<\/figcaption><\/figure>\n\n\n\n<figure class=\"wp-block-image size-full\"><img loading=\"lazy\" decoding=\"async\" width=\"1440\" height=\"1920\" data-id=\"2215\" src=\"https:\/\/losch-spandau.de\/galerie\/wp-content\/uploads\/2025\/07\/2025-06-24-12-34-05-521-rotated.jpg\" alt=\"Schloss Ratibor\" class=\"wp-image-2215\" srcset=\"https:\/\/losch-spandau.de\/galerie\/wp-content\/uploads\/2025\/07\/2025-06-24-12-34-05-521-rotated.jpg 1440w, https:\/\/losch-spandau.de\/galerie\/wp-content\/uploads\/2025\/07\/2025-06-24-12-34-05-521-225x300.jpg 225w, https:\/\/losch-spandau.de\/galerie\/wp-content\/uploads\/2025\/07\/2025-06-24-12-34-05-521-768x1024.jpg 768w, https:\/\/losch-spandau.de\/galerie\/wp-content\/uploads\/2025\/07\/2025-06-24-12-34-05-521-1152x1536.jpg 1152w\" sizes=\"auto, (max-width: 1440px) 100vw, 1440px\" \/><figcaption class=\"wp-element-caption\">Schloss Ratibor<\/figcaption><\/figure>\n\n\n\n<figure class=\"wp-block-image size-full\"><img loading=\"lazy\" decoding=\"async\" width=\"1440\" height=\"1920\" data-id=\"2213\" src=\"https:\/\/losch-spandau.de\/galerie\/wp-content\/uploads\/2025\/07\/2025-06-24-13-02-32-316-rotated.jpg\" alt=\"Im Treppenhaus des Schlosses Ratibor\" class=\"wp-image-2213\" srcset=\"https:\/\/losch-spandau.de\/galerie\/wp-content\/uploads\/2025\/07\/2025-06-24-13-02-32-316-rotated.jpg 1440w, https:\/\/losch-spandau.de\/galerie\/wp-content\/uploads\/2025\/07\/2025-06-24-13-02-32-316-225x300.jpg 225w, https:\/\/losch-spandau.de\/galerie\/wp-content\/uploads\/2025\/07\/2025-06-24-13-02-32-316-768x1024.jpg 768w, https:\/\/losch-spandau.de\/galerie\/wp-content\/uploads\/2025\/07\/2025-06-24-13-02-32-316-1152x1536.jpg 1152w\" sizes=\"auto, (max-width: 1440px) 100vw, 1440px\" \/><figcaption class=\"wp-element-caption\">Im Treppenhaus des Schlosses Ratibor<\/figcaption><\/figure>\n\n\n\n<figure class=\"wp-block-image size-full\"><img loading=\"lazy\" decoding=\"async\" width=\"1920\" height=\"1440\" data-id=\"2209\" src=\"https:\/\/losch-spandau.de\/galerie\/wp-content\/uploads\/2025\/07\/2025-06-24-12-37-34-232.jpg\" alt=\"Speisesaal des Schlosses Ratibor\" class=\"wp-image-2209\" srcset=\"https:\/\/losch-spandau.de\/galerie\/wp-content\/uploads\/2025\/07\/2025-06-24-12-37-34-232.jpg 1920w, https:\/\/losch-spandau.de\/galerie\/wp-content\/uploads\/2025\/07\/2025-06-24-12-37-34-232-300x225.jpg 300w, https:\/\/losch-spandau.de\/galerie\/wp-content\/uploads\/2025\/07\/2025-06-24-12-37-34-232-768x576.jpg 768w, https:\/\/losch-spandau.de\/galerie\/wp-content\/uploads\/2025\/07\/2025-06-24-12-37-34-232-1536x1152.jpg 1536w\" sizes=\"auto, (max-width: 1920px) 100vw, 1920px\" \/><figcaption class=\"wp-element-caption\">Speisesaal des Schlosses Ratibor<\/figcaption><\/figure>\n\n\n\n<figure class=\"wp-block-image size-full\"><img loading=\"lazy\" decoding=\"async\" width=\"1920\" height=\"1440\" data-id=\"2208\" src=\"https:\/\/losch-spandau.de\/galerie\/wp-content\/uploads\/2025\/07\/2025-06-24-12-38-51-078.jpg\" alt=\"Ballsaal des Schlosses Ratibor\" class=\"wp-image-2208\" srcset=\"https:\/\/losch-spandau.de\/galerie\/wp-content\/uploads\/2025\/07\/2025-06-24-12-38-51-078.jpg 1920w, https:\/\/losch-spandau.de\/galerie\/wp-content\/uploads\/2025\/07\/2025-06-24-12-38-51-078-300x225.jpg 300w, https:\/\/losch-spandau.de\/galerie\/wp-content\/uploads\/2025\/07\/2025-06-24-12-38-51-078-768x576.jpg 768w, https:\/\/losch-spandau.de\/galerie\/wp-content\/uploads\/2025\/07\/2025-06-24-12-38-51-078-1536x1152.jpg 1536w\" sizes=\"auto, (max-width: 1920px) 100vw, 1920px\" \/><figcaption class=\"wp-element-caption\">Ballsaal des Schlosses Ratibor<\/figcaption><\/figure>\n\n\n\n<figure class=\"wp-block-image size-full\"><img loading=\"lazy\" decoding=\"async\" width=\"1440\" height=\"1920\" data-id=\"2212\" src=\"https:\/\/losch-spandau.de\/galerie\/wp-content\/uploads\/2025\/07\/2025-06-24-13-07-32-008-rotated.jpg\" alt=\"Marktplatz von Roth\" class=\"wp-image-2212\" srcset=\"https:\/\/losch-spandau.de\/galerie\/wp-content\/uploads\/2025\/07\/2025-06-24-13-07-32-008-rotated.jpg 1440w, https:\/\/losch-spandau.de\/galerie\/wp-content\/uploads\/2025\/07\/2025-06-24-13-07-32-008-225x300.jpg 225w, https:\/\/losch-spandau.de\/galerie\/wp-content\/uploads\/2025\/07\/2025-06-24-13-07-32-008-768x1024.jpg 768w, https:\/\/losch-spandau.de\/galerie\/wp-content\/uploads\/2025\/07\/2025-06-24-13-07-32-008-1152x1536.jpg 1152w\" sizes=\"auto, (max-width: 1440px) 100vw, 1440px\" \/><figcaption class=\"wp-element-caption\">Marktplatz von Roth<\/figcaption><\/figure>\n\n\n\n<figure class=\"wp-block-image size-full\"><img loading=\"lazy\" decoding=\"async\" width=\"1920\" height=\"1440\" data-id=\"2210\" src=\"https:\/\/losch-spandau.de\/galerie\/wp-content\/uploads\/2025\/07\/2025-06-24-13-07-50-287.jpg\" alt=\"Marktplatz von Roth\" class=\"wp-image-2210\" srcset=\"https:\/\/losch-spandau.de\/galerie\/wp-content\/uploads\/2025\/07\/2025-06-24-13-07-50-287.jpg 1920w, https:\/\/losch-spandau.de\/galerie\/wp-content\/uploads\/2025\/07\/2025-06-24-13-07-50-287-300x225.jpg 300w, https:\/\/losch-spandau.de\/galerie\/wp-content\/uploads\/2025\/07\/2025-06-24-13-07-50-287-768x576.jpg 768w, https:\/\/losch-spandau.de\/galerie\/wp-content\/uploads\/2025\/07\/2025-06-24-13-07-50-287-1536x1152.jpg 1536w\" sizes=\"auto, (max-width: 1920px) 100vw, 1920px\" \/><figcaption class=\"wp-element-caption\">Marktplatz von Roth<\/figcaption><\/figure>\n\n\n\n<figure class=\"wp-block-image size-full\"><img loading=\"lazy\" decoding=\"async\" width=\"1920\" height=\"1440\" data-id=\"2207\" src=\"https:\/\/losch-spandau.de\/galerie\/wp-content\/uploads\/2025\/07\/2025-06-24-13-21-27-791.jpg\" alt=\"Haus in Roth\" class=\"wp-image-2207\" srcset=\"https:\/\/losch-spandau.de\/galerie\/wp-content\/uploads\/2025\/07\/2025-06-24-13-21-27-791.jpg 1920w, https:\/\/losch-spandau.de\/galerie\/wp-content\/uploads\/2025\/07\/2025-06-24-13-21-27-791-300x225.jpg 300w, https:\/\/losch-spandau.de\/galerie\/wp-content\/uploads\/2025\/07\/2025-06-24-13-21-27-791-768x576.jpg 768w, https:\/\/losch-spandau.de\/galerie\/wp-content\/uploads\/2025\/07\/2025-06-24-13-21-27-791-1536x1152.jpg 1536w\" sizes=\"auto, (max-width: 1920px) 100vw, 1920px\" \/><figcaption class=\"wp-element-caption\">Haus in Roth<\/figcaption><\/figure>\n\n\n\n<figure class=\"wp-block-image size-full\"><img loading=\"lazy\" decoding=\"async\" width=\"1920\" height=\"1440\" data-id=\"2205\" src=\"https:\/\/losch-spandau.de\/galerie\/wp-content\/uploads\/2025\/07\/2025-06-24-13-21-15-130.jpg\" alt=\"Bauamt von Roth\" class=\"wp-image-2205\" srcset=\"https:\/\/losch-spandau.de\/galerie\/wp-content\/uploads\/2025\/07\/2025-06-24-13-21-15-130.jpg 1920w, https:\/\/losch-spandau.de\/galerie\/wp-content\/uploads\/2025\/07\/2025-06-24-13-21-15-130-300x225.jpg 300w, https:\/\/losch-spandau.de\/galerie\/wp-content\/uploads\/2025\/07\/2025-06-24-13-21-15-130-768x576.jpg 768w, https:\/\/losch-spandau.de\/galerie\/wp-content\/uploads\/2025\/07\/2025-06-24-13-21-15-130-1536x1152.jpg 1536w\" sizes=\"auto, (max-width: 1920px) 100vw, 1920px\" \/><figcaption class=\"wp-element-caption\">Bauamt von Roth<\/figcaption><\/figure>\n\n\n\n<figure class=\"wp-block-image size-full\"><img loading=\"lazy\" decoding=\"async\" width=\"1920\" height=\"1440\" data-id=\"2211\" src=\"https:\/\/losch-spandau.de\/galerie\/wp-content\/uploads\/2025\/07\/2025-06-24-13-15-51-169.jpg\" alt=\"Kulturfabrik in Roth\" class=\"wp-image-2211\" srcset=\"https:\/\/losch-spandau.de\/galerie\/wp-content\/uploads\/2025\/07\/2025-06-24-13-15-51-169.jpg 1920w, https:\/\/losch-spandau.de\/galerie\/wp-content\/uploads\/2025\/07\/2025-06-24-13-15-51-169-300x225.jpg 300w, https:\/\/losch-spandau.de\/galerie\/wp-content\/uploads\/2025\/07\/2025-06-24-13-15-51-169-768x576.jpg 768w, https:\/\/losch-spandau.de\/galerie\/wp-content\/uploads\/2025\/07\/2025-06-24-13-15-51-169-1536x1152.jpg 1536w\" sizes=\"auto, (max-width: 1920px) 100vw, 1920px\" \/><figcaption class=\"wp-element-caption\">Kulturfabrik in Roth<\/figcaption><\/figure>\n\n\n\n<figure class=\"wp-block-image size-full\"><img loading=\"lazy\" decoding=\"async\" width=\"1920\" height=\"1440\" data-id=\"2206\" src=\"https:\/\/losch-spandau.de\/galerie\/wp-content\/uploads\/2025\/07\/IMG_20250624_153418.jpg\" alt=\"Mausoleum\" class=\"wp-image-2206\" srcset=\"https:\/\/losch-spandau.de\/galerie\/wp-content\/uploads\/2025\/07\/IMG_20250624_153418.jpg 1920w, https:\/\/losch-spandau.de\/galerie\/wp-content\/uploads\/2025\/07\/IMG_20250624_153418-300x225.jpg 300w, https:\/\/losch-spandau.de\/galerie\/wp-content\/uploads\/2025\/07\/IMG_20250624_153418-768x576.jpg 768w, https:\/\/losch-spandau.de\/galerie\/wp-content\/uploads\/2025\/07\/IMG_20250624_153418-1536x1152.jpg 1536w\" sizes=\"auto, (max-width: 1920px) 100vw, 1920px\" \/><figcaption class=\"wp-element-caption\">Mausoleum<\/figcaption><\/figure>\n<\/figure>\n","protected":false},"excerpt":{"rendered":"<p>Die Stadt Roth ist die Kreisstadt des mittelfr\u00e4nkischen Landkreises Roth. Die idyllische Stadt mit etwas \u00fcber 25.000 Einwohnern liegt etwa 20 km s\u00fcdlich von N\u00fcrnberg. Bemerkenswert sch\u00f6n mit seinem liebevoll restaurierten Prunksaal ist das Schloss Ratibor. Georg der Fromme, Markgraf von Brandenburg-Ansbach, lie\u00df es 1535\u20131537 &hellip; <a href=\"https:\/\/losch-spandau.de\/galerie\/2025\/06\/stadt-roth\/\" class=\"more-link\"><span>Continue reading<span class=\"screen-reader-text\">Stadt Roth<\/span><\/span><\/a><\/p>\n","protected":false},"author":1,"featured_media":2208,"comment_status":"open","ping_status":"open","sticky":false,"template":"","format":"standard","meta":{"footnotes":""},"categories":[1,3],"tags":[],"class_list":["post-2203","post","type-post","status-publish","format-standard","has-post-thumbnail","hentry","category-allgemein","category-reisen"],"_links":{"self":[{"href":"https:\/\/losch-spandau.de\/galerie\/wp-json\/wp\/v2\/posts\/2203","targetHints":{"allow":["GET"]}}],"collection":[{"href":"https:\/\/losch-spandau.de\/galerie\/wp-json\/wp\/v2\/posts"}],"about":[{"href":"https:\/\/losch-spandau.de\/galerie\/wp-json\/wp\/v2\/types\/post"}],"author":[{"embeddable":true,"href":"https:\/\/losch-spandau.de\/galerie\/wp-json\/wp\/v2\/users\/1"}],"replies":[{"embeddable":true,"href":"https:\/\/losch-spandau.de\/galerie\/wp-json\/wp\/v2\/comments?post=2203"}],"version-history":[{"count":3,"href":"https:\/\/losch-spandau.de\/galerie\/wp-json\/wp\/v2\/posts\/2203\/revisions"}],"predecessor-version":[{"id":2217,"href":"https:\/\/losch-spandau.de\/galerie\/wp-json\/wp\/v2\/posts\/2203\/revisions\/2217"}],"wp:featuredmedia":[{"embeddable":true,"href":"https:\/\/losch-spandau.de\/galerie\/wp-json\/wp\/v2\/media\/2208"}],"wp:attachment":[{"href":"https:\/\/losch-spandau.de\/galerie\/wp-json\/wp\/v2\/media?parent=2203"}],"wp:term":[{"taxonomy":"category","embeddable":true,"href":"https:\/\/losch-spandau.de\/galerie\/wp-json\/wp\/v2\/categories?post=2203"},{"taxonomy":"post_tag","embeddable":true,"href":"https:\/\/losch-spandau.de\/galerie\/wp-json\/wp\/v2\/tags?post=2203"}],"curies":[{"name":"wp","href":"https:\/\/api.w.org\/{rel}","templated":true}]}}